{"id":2,"name":"Redacteur","url":"http:\/\/mam.lesrazmockets.fr","description":"","link":"https:\/\/mam.lesrazmockets.fr\/index.php\/author\/redacteur\/","slug":"redacteur","avatar_urls":{"24":"https:\/\/secure.gravatar.com\/avatar\/6e4cd14a179be9d1998144bf9fc166bf5779e52412200f28eef12f5944051e9f?s=24&d=monsterid&r=g","48":"https:\/\/secure.gravatar.com\/avatar\/6e4cd14a179be9d1998144bf9fc166bf5779e52412200f28eef12f5944051e9f?s=48&d=monsterid&r=g","96":"https:\/\/secure.gravatar.com\/avatar\/6e4cd14a179be9d1998144bf9fc166bf5779e52412200f28eef12f5944051e9f?s=96&d=monsterid&r=g"},"meta":[],"yoast_head":"<!-- This site is optimized with the Yoast SEO plugin v27.4 - https:\/\/yoast.com\/product\/yoast-seo-wordpress\/ -->\n<title>Redacteur, auteur\/autrice sur MAM Les Razmockets<\/title>\n<meta name=\"robots\" content=\"index, follow, max-snippet:-1, max-image-preview:large, max-video-preview:-1\" \/>\n<link rel=\"canonical\" href=\"https:\/\/mam.lesrazmockets.fr\/index.php\/author\/redacteur\/\" \/>\n<meta property=\"og:locale\" content=\"fr_FR\" \/>\n<meta property=\"og:type\" content=\"profile\" \/>\n<meta property=\"og:title\" content=\"Redacteur, auteur\/autrice sur MAM Les Razmockets\" \/>\n<meta property=\"og:url\" content=\"https:\/\/mam.lesrazmockets.fr\/index.php\/author\/redacteur\/\" \/>\n<meta property=\"og:site_name\" content=\"MAM Les Razmockets\" \/>\n<meta property=\"og:image\" content=\"https:\/\/secure.gravatar.com\/avatar\/0c6b5b4931e4ff0039878455ea677eab?s=500&d=monsterid&r=g\" \/>\n<meta name=\"twitter:card\" content=\"summary_large_image\" \/>\n<script type=\"application\/ld+json\" class=\"yoast-schema-graph\">{\"@context\":\"https:\\\/\\\/schema.org\",\"@graph\":[{\"@type\":\"ProfilePage\",\"@id\":\"https:\\\/\\\/mam.lesrazmockets.fr\\\/index.php\\\/author\\\/redacteur\\\/\",\"url\":\"https:\\\/\\\/mam.lesrazmockets.fr\\\/index.php\\\/author\\\/redacteur\\\/\",\"name\":\"Redacteur, auteur\\\/autrice sur MAM Les Razmockets\",\"isPartOf\":{\"@id\":\"https:\\\/\\\/mam.lesrazmockets.fr\\\/#website\"},\"breadcrumb\":{\"@id\":\"https:\\\/\\\/mam.lesrazmockets.fr\\\/index.php\\\/author\\\/redacteur\\\/#breadcrumb\"},\"inLanguage\":\"fr-FR\",\"potentialAction\":[{\"@type\":\"ReadAction\",\"target\":[\"https:\\\/\\\/mam.lesrazmockets.fr\\\/index.php\\\/author\\\/redacteur\\\/\"]}]},{\"@type\":\"BreadcrumbList\",\"@id\":\"https:\\\/\\\/mam.lesrazmockets.fr\\\/index.php\\\/author\\\/redacteur\\\/#breadcrumb\",\"itemListElement\":[{\"@type\":\"ListItem\",\"position\":1,\"name\":\"Accueil\",\"item\":\"https:\\\/\\\/mam.lesrazmockets.fr\\\/\"},{\"@type\":\"ListItem\",\"position\":2,\"name\":\"Archives pour Redacteur\"}]},{\"@type\":\"WebSite\",\"@id\":\"https:\\\/\\\/mam.lesrazmockets.fr\\\/#website\",\"url\":\"https:\\\/\\\/mam.lesrazmockets.fr\\\/\",\"name\":\"MAM Les Razmockets\",\"description\":\"Faites garder vos enfants dans un lieu de vie, un espace socialisant, s\u00e9curisant et bienveillant, adapt\u00e9 \u00e0 100% aux enfants\",\"publisher\":{\"@id\":\"https:\\\/\\\/mam.lesrazmockets.fr\\\/#organization\"},\"alternateName\":\"garde enfant Fleury\",\"potentialAction\":[{\"@type\":\"SearchAction\",\"target\":{\"@type\":\"EntryPoint\",\"urlTemplate\":\"https:\\\/\\\/mam.lesrazmockets.fr\\\/?s={search_term_string}\"},\"query-input\":{\"@type\":\"PropertyValueSpecification\",\"valueRequired\":true,\"valueName\":\"search_term_string\"}}],\"inLanguage\":\"fr-FR\"},{\"@type\":\"Organization\",\"@id\":\"https:\\\/\\\/mam.lesrazmockets.fr\\\/#organization\",\"name\":\"MAM Les Razmockets\",\"alternateName\":\"Les Razmockets Fleury\",\"url\":\"https:\\\/\\\/mam.lesrazmockets.fr\\\/\",\"logo\":{\"@type\":\"ImageObject\",\"inLanguage\":\"fr-FR\",\"@id\":\"https:\\\/\\\/mam.lesrazmockets.fr\\\/#\\\/schema\\\/logo\\\/image\\\/\",\"url\":\"https:\\\/\\\/mam.lesrazmockets.fr\\\/wp-content\\\/uploads\\\/2024\\\/02\\\/LOGO-RAZMOCKETS-1.jpg\",\"contentUrl\":\"https:\\\/\\\/mam.lesrazmockets.fr\\\/wp-content\\\/uploads\\\/2024\\\/02\\\/LOGO-RAZMOCKETS-1.jpg\",\"width\":960,\"height\":959,\"caption\":\"MAM Les Razmockets\"},\"image\":{\"@id\":\"https:\\\/\\\/mam.lesrazmockets.fr\\\/#\\\/schema\\\/logo\\\/image\\\/\"},\"sameAs\":[\"https:\\\/\\\/www.facebook.com\\\/mamlesrazmockets\",\"https:\\\/\\\/www.instagram.com\\\/mamlesrazmockets\",\"https:\\\/\\\/www.pinterest.fr\\\/LesRazmockets11560\\\/\"]},{\"@type\":\"Person\",\"@id\":\"https:\\\/\\\/mam.lesrazmockets.fr\\\/#\\\/schema\\\/person\\\/dd6533d8768aa2f96e8cc039adbd2e59\",\"name\":\"Redacteur\",\"image\":{\"@type\":\"ImageObject\",\"inLanguage\":\"fr-FR\",\"@id\":\"https:\\\/\\\/secure.gravatar.com\\\/avatar\\\/6e4cd14a179be9d1998144bf9fc166bf5779e52412200f28eef12f5944051e9f?s=96&d=monsterid&r=g\",\"url\":\"https:\\\/\\\/secure.gravatar.com\\\/avatar\\\/6e4cd14a179be9d1998144bf9fc166bf5779e52412200f28eef12f5944051e9f?s=96&d=monsterid&r=g\",\"contentUrl\":\"https:\\\/\\\/secure.gravatar.com\\\/avatar\\\/6e4cd14a179be9d1998144bf9fc166bf5779e52412200f28eef12f5944051e9f?s=96&d=monsterid&r=g\",\"caption\":\"Redacteur\"},\"sameAs\":[\"http:\\\/\\\/mam.lesrazmockets.fr\"],\"mainEntityOfPage\":{\"@id\":\"https:\\\/\\\/mam.lesrazmockets.fr\\\/index.php\\\/author\\\/redacteur\\\/\"}}]}<\/script>\n<!-- \/ Yoast SEO plugin. -->","yoast_head_json":{"title":"Redacteur, auteur\/autrice sur MAM Les Razmockets","robots":{"index":"index","follow":"follow","max-snippet":"max-snippet:-1","max-image-preview":"max-image-preview:large","max-video-preview":"max-video-preview:-1"},"canonical":"https:\/\/mam.lesrazmockets.fr\/index.php\/author\/redacteur\/","og_locale":"fr_FR","og_type":"profile","og_title":"Redacteur, auteur\/autrice sur MAM Les Razmockets","og_url":"https:\/\/mam.lesrazmockets.fr\/index.php\/author\/redacteur\/","og_site_name":"MAM Les Razmockets","og_image":[{"url":"https:\/\/secure.gravatar.com\/avatar\/0c6b5b4931e4ff0039878455ea677eab?s=500&d=monsterid&r=g","type":"","width":"","height":""}],"twitter_card":"summary_large_image","schema":{"@context":"https:\/\/schema.org","@graph":[{"@type":"ProfilePage","@id":"https:\/\/mam.lesrazmockets.fr\/index.php\/author\/redacteur\/","url":"https:\/\/mam.lesrazmockets.fr\/index.php\/author\/redacteur\/","name":"Redacteur, auteur\/autrice sur MAM Les Razmockets","isPartOf":{"@id":"https:\/\/mam.lesrazmockets.fr\/#website"},"breadcrumb":{"@id":"https:\/\/mam.lesrazmockets.fr\/index.php\/author\/redacteur\/#breadcrumb"},"inLanguage":"fr-FR","potentialAction":[{"@type":"ReadAction","target":["https:\/\/mam.lesrazmockets.fr\/index.php\/author\/redacteur\/"]}]},{"@type":"BreadcrumbList","@id":"https:\/\/mam.lesrazmockets.fr\/index.php\/author\/redacteur\/#breadcrumb","itemListElement":[{"@type":"ListItem","position":1,"name":"Accueil","item":"https:\/\/mam.lesrazmockets.fr\/"},{"@type":"ListItem","position":2,"name":"Archives pour Redacteur"}]},{"@type":"WebSite","@id":"https:\/\/mam.lesrazmockets.fr\/#website","url":"https:\/\/mam.lesrazmockets.fr\/","name":"MAM Les Razmockets","description":"Faites garder vos enfants dans un lieu de vie, un espace socialisant, s\u00e9curisant et bienveillant, adapt\u00e9 \u00e0 100% aux enfants","publisher":{"@id":"https:\/\/mam.lesrazmockets.fr\/#organization"},"alternateName":"garde enfant Fleury","potentialAction":[{"@type":"SearchAction","target":{"@type":"EntryPoint","urlTemplate":"https:\/\/mam.lesrazmockets.fr\/?s={search_term_string}"},"query-input":{"@type":"PropertyValueSpecification","valueRequired":true,"valueName":"search_term_string"}}],"inLanguage":"fr-FR"},{"@type":"Organization","@id":"https:\/\/mam.lesrazmockets.fr\/#organization","name":"MAM Les Razmockets","alternateName":"Les Razmockets Fleury","url":"https:\/\/mam.lesrazmockets.fr\/","logo":{"@type":"ImageObject","inLanguage":"fr-FR","@id":"https:\/\/mam.lesrazmockets.fr\/#\/schema\/logo\/image\/","url":"https:\/\/mam.lesrazmockets.fr\/wp-content\/uploads\/2024\/02\/LOGO-RAZMOCKETS-1.jpg","contentUrl":"https:\/\/mam.lesrazmockets.fr\/wp-content\/uploads\/2024\/02\/LOGO-RAZMOCKETS-1.jpg","width":960,"height":959,"caption":"MAM Les Razmockets"},"image":{"@id":"https:\/\/mam.lesrazmockets.fr\/#\/schema\/logo\/image\/"},"sameAs":["https:\/\/www.facebook.com\/mamlesrazmockets","https:\/\/www.instagram.com\/mamlesrazmockets","https:\/\/www.pinterest.fr\/LesRazmockets11560\/"]},{"@type":"Person","@id":"https:\/\/mam.lesrazmockets.fr\/#\/schema\/person\/dd6533d8768aa2f96e8cc039adbd2e59","name":"Redacteur","image":{"@type":"ImageObject","inLanguage":"fr-FR","@id":"https:\/\/secure.gravatar.com\/avatar\/6e4cd14a179be9d1998144bf9fc166bf5779e52412200f28eef12f5944051e9f?s=96&d=monsterid&r=g","url":"https:\/\/secure.gravatar.com\/avatar\/6e4cd14a179be9d1998144bf9fc166bf5779e52412200f28eef12f5944051e9f?s=96&d=monsterid&r=g","contentUrl":"https:\/\/secure.gravatar.com\/avatar\/6e4cd14a179be9d1998144bf9fc166bf5779e52412200f28eef12f5944051e9f?s=96&d=monsterid&r=g","caption":"Redacteur"},"sameAs":["http:\/\/mam.lesrazmockets.fr"],"mainEntityOfPage":{"@id":"https:\/\/mam.lesrazmockets.fr\/index.php\/author\/redacteur\/"}}]}},"_links":{"self":[{"href":"https:\/\/mam.lesrazmockets.fr\/index.php\/wp-json\/wp\/v2\/users\/2","targetHints":{"allow":["GET"]}}],"collection":[{"href":"https:\/\/mam.lesrazmockets.fr\/index.php\/wp-json\/wp\/v2\/users"}]}}